{"id":25,"date":"2019-10-29T09:33:18","date_gmt":"2019-10-29T09:33:18","guid":{"rendered":"http:\/\/pluginspoint.com\/chariton\/\/?p=25"},"modified":"2021-02-16T17:13:02","modified_gmt":"2021-02-16T17:13:02","slug":"ipsum-dolor-sit-amet-consecte-cing-elit-sed-do-eiusmod-tempor","status":"publish","type":"post","link":"https:\/\/healthact.de\/?p=25","title":{"rendered":"Antibiotika-Resistenzen &#8211; eine wahrhaft gr\u00f6\u00dfere Bedrohung als Covid-19"},"content":{"rendered":"\t\t<div data-elementor-type=\"wp-post\" data-elementor-id=\"25\" class=\"elementor elementor-25\">\n\t\t\t\t\t\t<div class=\"elementor-inner\">\n\t\t\t\t<div class=\"elementor-section-wrap\">\n\t\t\t\t\t\t\t\t\t<section class=\"elementor-section elementor-top-section elementor-element elementor-element-4025b903 elementor-section-boxed elementor-section-height-default elementor-section-height-default\" data-id=\"4025b903\" data-element_type=\"section\">\n\t\t\t\t\t\t<div class=\"elementor-container elementor-column-gap-default\">\n\t\t\t\t\t\t\t<div class=\"elementor-row\">\n\t\t\t\t\t<div class=\"elementor-column elementor-col-100 elementor-top-column elementor-element elementor-element-6cc156b7\" data-id=\"6cc156b7\" data-element_type=\"column\">\n\t\t\t<div class=\"elementor-column-wrap elementor-element-populated\">\n\t\t\t\t\t\t\t<div class=\"elementor-widget-wrap\">\n\t\t\t\t\t\t<div class=\"elementor-element elementor-element-83bb9a7 elementor-widget elementor-widget-video\" data-id=\"83bb9a7\" data-element_type=\"widget\" data-settings=\"{&quot;youtube_url&quot;:&quot;https:\\\/\\\/youtu.be\\\/iygEPLHp3-4&quot;,&quot;video_type&quot;:&quot;youtube&quot;,&quot;controls&quot;:&quot;yes&quot;}\" data-widget_type=\"video.default\">\n\t\t\t\t<div class=\"elementor-widget-container\">\n\t\t\t\t\t<div class=\"elementor-wrapper elementor-open-inline\">\n\t\t\t<div class=\"elementor-video\"><\/div>\t\t<\/div>\n\t\t\t\t<\/div>\n\t\t\t\t<\/div>\n\t\t\t\t<div class=\"elementor-element elementor-element-3db3e88d elementor-widget elementor-widget-text-editor\" data-id=\"3db3e88d\" data-element_type=\"widget\" data-widget_type=\"text-editor.default\">\n\t\t\t\t<div class=\"elementor-widget-container\">\n\t\t\t\t\t\t\t\t<div class=\"elementor-text-editor elementor-clearfix\">\n\t\t\t\t<p><!-- wp:paragraph --><\/p>\n<h4><strong style=\"color: #5b7d9a; font-size: 16px; font-family: Roboto, sans-serif;\"><span style=\"color: #00ccff;\">\u00a0&#8222;<span style=\"font-size: 22px;\">Im Mittelpunkt stehen die &#8222;Resistance Fighters&#8220;: \u00c4rzte, die verzweifelt dagegen ank\u00e4mpfen, Wissenschaftler, die aufbegehren, Patienten, die mit dem Tod ringen und Diplomaten, die sich f\u00fcr konkrete L\u00f6sungen einsetzen.&#8220;<\/span><\/span><\/strong><\/h4>\n<p>\u00a0<\/p>\n<p><span style=\"font-family: 'Helvetica Neue'; font-size: 16px;\">Experten prognostizieren, dass sich die Zahl der Todesopfer durch antibiotikaresistente Keime bis 2050 verzehnfachen k\u00f6nnte. Wenn nichts unternommen wird, k\u00f6nnten diese Erreger jedes Jahr zehn Millionen Menschen t\u00f6ten. Antibiotikaresistenz w\u00e4re die weltweite Todesursache Nummer eins. Wie konnte es so weit kommen, und was k\u00f6nnen wir tun? \u201eResistance Fighters\u201c begibt sich weltweit auf Spurensuche nach Gr\u00fcnden sowie L\u00f6sungen f\u00fcr die Krise und belegt schonungslos die globalen Zusammenh\u00e4nge, die zu einer immer rasanteren Ausbreitung von Resistenzen f\u00fchren. Ausgehend von einer UN-Sonderversammlung zur Antibiotikaresistenz im September 2016 begleitet Autor Michael Wech \u00fcber zwei Jahre hinweg ausgewiesene Antibiotika-Experten wie den \u00d6konomen Jim O\u2019Neill und f\u00fchrt den Zuschauer an Brennpunkte wie Vietnam, Bangladesch, nach Niedersachsen oder Reno in Nevada. Er zeigt, wie durch den massenhaften Einsatz von Antibiotika in der Tiermast resistente Keime unkontrolliert in die Umwelt gelangen und dass sich fortw\u00e4hrend namhafte Unternehmen aus der Antibiotika-Forschung zur\u00fcckziehen, weil immense Entwicklungskosten und zunehmende Resistenzen auch bei neuen Antibiotika ihr Gesch\u00e4ft unkalkulierbar machen. So entwickelt sich der Dokumentarfilm zum echten Wissenschaftsthriller, in dessen Mittelpunkt die \u201eResistance Fighters\u201c selbst stehen: \u00c4rzte, die verzweifelt gegen die Entwicklung ank\u00e4mpfen, Wissenschaftler, die aufbegehren, Patienten, die wegen resistenter Keime mit dem Tod ringen und Diplomaten, die sich f\u00fcr konkrete L\u00f6sungen einsetzen. Ein hochspannendes Portrait einer zunehmend unkontrollierbaren Krise, das einen Einblick gibt, mit was die Menschen es tats\u00e4chlich zu tun haben: Antibiotikaresistenz ist eine der gr\u00f6\u00dften globalen Herausforderungen der heutigen Zeit.<\/span><\/p>\n<p>\u00a0<\/p>\n<p>Lorem ipsum dolor sit amet, consectetur adipisicing elit, sed do eiusmod tempor incididunt ut labore et dolore magna aliqua. Ut enim ad minim veniam, quis nostrud exercitation ullamco laboris nisi ut aliquip ex ea commodo consequat. Duis aute irure dolor in reprehenderit in voluptate velit esse cillum dolore eu fugiat nulla pariatur. Excepteur sint occaecat cupidatat non proident, sunt in culpa qui officia deserunt.<\/p>\n<p><!-- \/wp:paragraph --><\/p>\n<p><!-- wp:image {\"id\":9} --><\/p>\n<figure><img src=\"http:\/\/pluginspoint.com\/chariton\/\/wp-content\/uploads\/2019\/10\/blog_details01.jpg\" alt=\"\" \/><\/figure>\n<p><!-- \/wp:image --><\/p>\n<p><!-- wp:heading {\"level\":3} --><\/p>\n<h3>A cleansing hot shower or bath<\/h3>\n<p><!-- \/wp:heading --><\/p>\n<p><!-- wp:paragraph --><\/p>\n<p>Lorem ipsum dolor sit amet, consectetur adipisicing elit, sed do eiusmod tempor incididunt ut labore et dolore magna aliqua. Ut enim ad minim veniam, quis nostrud exercitation ullamco laboris nisi ut aliquip ex ea commodo consequat. Duis aute irure dolor in reprehenderit in voluptate velit esse cillum dolore eu fugiat nulla pariatur. Excepteur sint occaecat cupidatat non proident, sunt in culpa qui officia.<\/p>\n<p><!-- \/wp:paragraph --><\/p>\n<p><!-- wp:separator {\"className\":\"is-style-wide\"} --><\/p>\n<hr \/>\n<p><!-- \/wp:separator --><\/p>\n<p><!-- wp:heading {\"level\":3} --><\/p>\n<h3>Setting the mood with incense<\/h3>\n<p><!-- \/wp:heading --><\/p>\n<p><!-- wp:paragraph --><\/p>\n<p>Lorem ipsum dolor sit amet, consectetur adipisicing elit, sed do eiusmod tempor incididunt ut labore et dolore magna aliqua. Ut enim ad minim veniam, quis nostrud exercitation ullamco laboris nisi ut aliquip ex ea commodo consequat. Duis aute irure dolor in reprehenderit in voluptate velit esse cillum dolore eu fugiat nulla pariatur. Excepteur sint occaecat cupidatat non proident, sunt in culpa qui officia.<\/p>\n<p><!-- \/wp:paragraph --><\/p>\n<p><!-- wp:separator {\"className\":\"is-style-wide\"} --><\/p>\n<hr \/>\n<p><!-- \/wp:separator --><\/p>\n<p><!-- wp:heading {\"level\":3} --><\/p>\n<h3>Setting the mood with incense<\/h3>\n<p><!-- \/wp:heading --><\/p>\n<p><!-- wp:list {\"className\":\"chariton-list\"} --><\/p>\n<ul>\n<li>Lorem ipsum dolor sit amet, consectetur adipisicing elit, sed do.<\/li>\n<li>Dunt ut labore et dolore magna aliqua. Ut enim ad minim veniam.<\/li>\n<li>Tion ullamco laboris nisi ut aliquip ex ea commodo consequat.<\/li>\n<li>Eprehenderit in voluptate velit esse cillum dolore eu fugiat.<\/li>\n<li>Ccaecat cupidatat non proident, sunt in culpa qui officia.<\/li>\n<\/ul>\n<p><!-- \/wp:list --><\/p>\n<p><!-- wp:quote --><\/p>\n<p><!-- \/wp:quote --><\/p>\n<p><!-- wp:paragraph --><\/p>\n<p>Lorem ipsum dolor sit amet, consectetur adipisicing elit, sed do eiusmod tempor incididunt ut labore et dolore magna aliqua. Ut enim ad minim veniam, quis nostrud exercitation ullamco laboris nisi ut aliquip ex ea commodo consequat. Duis aute irure dolor in reprehenderit in voluptate velit esse cillum dolore eu fugiat nulla pariatur. Excepteur sint occaecat cupidatat non proident, sunt in culpa qui officia deserunt mollit anim id est laborum. Sed ut perspiciatis unde omnis iste natus error sit voluptatem accusantium.<\/p>\n<p><!-- \/wp:paragraph --><\/p>\n<p><!-- wp:image {\"align\":\"left\",\"id\":14} --><\/p>\n<div>\n<figure><img src=\"http:\/\/pluginspoint.com\/chariton\/\/wp-content\/uploads\/2019\/10\/blog_details02.jpg\" alt=\"\" \/><\/figure>\n<\/div>\n<p><!-- \/wp:image --><\/p>\n<p><!-- wp:paragraph --><\/p>\n<p>Lorem ipsum dolor sit amet, consectetur adipisicing elit, sed do eiusmod tempor incididunt ut labore et dolore magna aliqua. Ut enim ad minim veniam, quis nostrud exercitation ullamco laboris nisi ut aliquip ex ea commodo consequat. Duis aute irure dolor in reprehenderit in voluptate velit esse cillum dolore eu fugiat nulla pariatur. Excepteur sint occaecat cupidatat non proident, sunt in culpa qui officia deserunt mollit anim id est laborum. Sed ut perspiciatis unde omnis iste natus error sit.<\/p>\n<p><!-- \/wp:paragraph --><\/p>\n<p><!-- wp:paragraph --><\/p>\n<p>Lorem ipsum dolor sit amet, consectetur adipisicing elit, sed do eiusmod tempor incididunt ut labore et dolore magna aliqua. Ut enim ad minim veniam, quis nostrud exercitation ullamco laboris nisi ut aliquip ex ea commodo consequat. Duis aute irure dolor in reprehenderit in voluptate velit esse cillum dolore eu fugiat nulla pariatur. Excepteur sint occaecat cupidatat non proident, sunt in culpa qui officia deserunt mollit anim id est laborum. Sed ut perspiciatis unde omnis iste natus error sit voluptatem.<\/p>\n<p><!-- \/wp:paragraph --><\/p>\t\t\t\t\t<\/div>\n\t\t\t\t\t\t<\/div>\n\t\t\t\t<\/div>\n\t\t\t\t\t\t<\/div>\n\t\t\t\t\t<\/div>\n\t\t<\/div>\n\t\t\t\t\t\t\t\t<\/div>\n\t\t\t\t\t<\/div>\n\t\t<\/section>\n\t\t\t\t\t\t\t\t\t<\/div>\n\t\t\t<\/div>\n\t\t\t\t\t<\/div>\n\t\t","protected":false},"excerpt":{"rendered":"<p>Wir stehen kurz vor der &#8222;Post-antibiotischen \u00c4ra&#8220; &#8211; einer Zeit, in der antibiotika-resistente Keime drohen, zur weltweiten Todesursache Nr. 1 zu werden. arte-TV Tweet \u00a0&#8222;Im Mittelpunkt stehen die &#8222;Resistance Fighters&#8220;: \u00c4rzte, die verzweifelt dagegen ank\u00e4mpfen, Wissenschaftler, die aufbegehren, Patienten, die mit dem Tod ringen und Diplomaten, die sich f\u00fcr konkrete L\u00f6sungen einsetzen.&#8220; &nbsp; Experten prognostizieren, [&hellip;]<\/p>\n","protected":false},"author":1,"featured_media":2072,"comment_status":"open","ping_status":"open","sticky":false,"template":"","format":"standard","meta":[],"categories":[5,1],"tags":[10,17,19],"yoast_head":"<!-- This site is optimized with the Yoast SEO plugin v19.4 - https:\/\/yoast.com\/wordpress\/plugins\/seo\/ -->\n<title>Antibiotika-Resistenzen - eine wahrhaft gr\u00f6\u00dfere Bedrohung als Covid-19 - healthact<\/title>\n<meta name=\"robots\" content=\"index, follow, max-snippet:-1, max-image-preview:large, max-video-preview:-1\" \/>\n<link rel=\"canonical\" href=\"https:\/\/healthact.de\/?p=25\" \/>\n<meta property=\"og:locale\" content=\"de_DE\" \/>\n<meta property=\"og:type\" content=\"article\" \/>\n<meta property=\"og:title\" content=\"Antibiotika-Resistenzen - eine wahrhaft gr\u00f6\u00dfere Bedrohung als Covid-19 - healthact\" \/>\n<meta property=\"og:description\" content=\"Wir stehen kurz vor der &#8222;Post-antibiotischen \u00c4ra&#8220; &#8211; einer Zeit, in der antibiotika-resistente Keime drohen, zur weltweiten Todesursache Nr. 1 zu werden. arte-TV Tweet \u00a0&#8222;Im Mittelpunkt stehen die &#8222;Resistance Fighters&#8220;: \u00c4rzte, die verzweifelt dagegen ank\u00e4mpfen, Wissenschaftler, die aufbegehren, Patienten, die mit dem Tod ringen und Diplomaten, die sich f\u00fcr konkrete L\u00f6sungen einsetzen.&#8220; &nbsp; Experten prognostizieren, [&hellip;]\" \/>\n<meta property=\"og:url\" content=\"https:\/\/healthact.de\/?p=25\" \/>\n<meta property=\"og:site_name\" content=\"healthact\" \/>\n<meta property=\"article:publisher\" content=\"https:\/\/www.facebook.com\/groups\/420860346496799\" \/>\n<meta property=\"article:published_time\" content=\"2019-10-29T09:33:18+00:00\" \/>\n<meta property=\"article:modified_time\" content=\"2021-02-16T17:13:02+00:00\" \/>\n<meta property=\"og:image\" content=\"https:\/\/healthact.de\/wp-content\/uploads\/2019\/10\/Bildschirmfoto-2020-06-25-um-13.07.18-1024x438.png\" \/>\n\t<meta property=\"og:image:width\" content=\"1024\" \/>\n\t<meta property=\"og:image:height\" content=\"438\" \/>\n\t<meta property=\"og:image:type\" content=\"image\/png\" \/>\n<meta name=\"author\" content=\"Mundi\" \/>\n<meta name=\"twitter:card\" content=\"summary_large_image\" \/>\n<meta name=\"twitter:label1\" content=\"Verfasst von\" \/>\n\t<meta name=\"twitter:data1\" content=\"Mundi\" \/>\n\t<meta name=\"twitter:label2\" content=\"Gesch\u00e4tzte Lesezeit\" \/>\n\t<meta name=\"twitter:data2\" content=\"4\u00a0Minuten\" \/>\n<script type=\"application\/ld+json\" class=\"yoast-schema-graph\">{\"@context\":\"https:\/\/schema.org\",\"@graph\":[{\"@type\":\"Organization\",\"@id\":\"https:\/\/healthact.de\/#organization\",\"name\":\"healthact.de\",\"url\":\"https:\/\/healthact.de\/\",\"sameAs\":[\"https:\/\/www.facebook.com\/groups\/420860346496799\"],\"logo\":{\"@type\":\"ImageObject\",\"inLanguage\":\"de\",\"@id\":\"https:\/\/healthact.de\/#\/schema\/logo\/image\/\",\"url\":\"https:\/\/healthact.de\/wp-content\/uploads\/2020\/10\/healthact4c.png\",\"contentUrl\":\"https:\/\/healthact.de\/wp-content\/uploads\/2020\/10\/healthact4c.png\",\"width\":1554,\"height\":638,\"caption\":\"healthact.de\"},\"image\":{\"@id\":\"https:\/\/healthact.de\/#\/schema\/logo\/image\/\"}},{\"@type\":\"WebSite\",\"@id\":\"https:\/\/healthact.de\/#website\",\"url\":\"https:\/\/healthact.de\/\",\"name\":\"healthact\",\"description\":\"f\u00fcr ein unabh\u00e4ngiges Gesundheitswesen\",\"publisher\":{\"@id\":\"https:\/\/healthact.de\/#organization\"},\"potentialAction\":[{\"@type\":\"SearchAction\",\"target\":{\"@type\":\"EntryPoint\",\"urlTemplate\":\"https:\/\/healthact.de\/?s={search_term_string}\"},\"query-input\":\"required name=search_term_string\"}],\"inLanguage\":\"de\"},{\"@type\":\"WebPage\",\"@id\":\"https:\/\/healthact.de\/?p=25\",\"url\":\"https:\/\/healthact.de\/?p=25\",\"name\":\"Antibiotika-Resistenzen - eine wahrhaft gr\u00f6\u00dfere Bedrohung als Covid-19 - healthact\",\"isPartOf\":{\"@id\":\"https:\/\/healthact.de\/#website\"},\"datePublished\":\"2019-10-29T09:33:18+00:00\",\"dateModified\":\"2021-02-16T17:13:02+00:00\",\"breadcrumb\":{\"@id\":\"https:\/\/healthact.de\/?p=25#breadcrumb\"},\"inLanguage\":\"de\",\"potentialAction\":[{\"@type\":\"ReadAction\",\"target\":[\"https:\/\/healthact.de\/?p=25\"]}]},{\"@type\":\"BreadcrumbList\",\"@id\":\"https:\/\/healthact.de\/?p=25#breadcrumb\",\"itemListElement\":[{\"@type\":\"ListItem\",\"position\":1,\"name\":\"Startseite\",\"item\":\"https:\/\/healthact.de\/\"},{\"@type\":\"ListItem\",\"position\":2,\"name\":\"Antibiotika-Resistenzen &#8211; eine wahrhaft gr\u00f6\u00dfere Bedrohung als Covid-19\"}]},{\"@type\":\"Article\",\"@id\":\"https:\/\/healthact.de\/?p=25#article\",\"isPartOf\":{\"@id\":\"https:\/\/healthact.de\/?p=25\"},\"author\":{\"name\":\"Mundi\",\"@id\":\"https:\/\/healthact.de\/#\/schema\/person\/1f96403af392978a5fdbc47edb626675\"},\"headline\":\"Antibiotika-Resistenzen &#8211; eine wahrhaft gr\u00f6\u00dfere Bedrohung als Covid-19\",\"datePublished\":\"2019-10-29T09:33:18+00:00\",\"dateModified\":\"2021-02-16T17:13:02+00:00\",\"mainEntityOfPage\":{\"@id\":\"https:\/\/healthact.de\/?p=25\"},\"wordCount\":811,\"commentCount\":0,\"publisher\":{\"@id\":\"https:\/\/healthact.de\/#organization\"},\"keywords\":[\"Design\",\"Popular\",\"Ux\"],\"articleSection\":[\"Gesundheit\",\"Wissenschaft\"],\"inLanguage\":\"de\",\"potentialAction\":[{\"@type\":\"CommentAction\",\"name\":\"Comment\",\"target\":[\"https:\/\/healthact.de\/?p=25#respond\"]}]},{\"@type\":\"Person\",\"@id\":\"https:\/\/healthact.de\/#\/schema\/person\/1f96403af392978a5fdbc47edb626675\",\"name\":\"Mundi\",\"image\":{\"@type\":\"ImageObject\",\"inLanguage\":\"de\",\"@id\":\"https:\/\/healthact.de\/#\/schema\/person\/image\/\",\"url\":\"https:\/\/secure.gravatar.com\/avatar\/b5e419aacdb5cc47e80262600a7f5853?s=96&d=mm&r=g\",\"contentUrl\":\"https:\/\/secure.gravatar.com\/avatar\/b5e419aacdb5cc47e80262600a7f5853?s=96&d=mm&r=g\",\"caption\":\"Mundi\"},\"url\":\"https:\/\/healthact.de\/?author=1\"}]}<\/script>\n<!-- \/ Yoast SEO plugin. -->","yoast_head_json":{"title":"Antibiotika-Resistenzen - eine wahrhaft gr\u00f6\u00dfere Bedrohung als Covid-19 - healthact","robots":{"index":"index","follow":"follow","max-snippet":"max-snippet:-1","max-image-preview":"max-image-preview:large","max-video-preview":"max-video-preview:-1"},"canonical":"https:\/\/healthact.de\/?p=25","og_locale":"de_DE","og_type":"article","og_title":"Antibiotika-Resistenzen - eine wahrhaft gr\u00f6\u00dfere Bedrohung als Covid-19 - healthact","og_description":"Wir stehen kurz vor der &#8222;Post-antibiotischen \u00c4ra&#8220; &#8211; einer Zeit, in der antibiotika-resistente Keime drohen, zur weltweiten Todesursache Nr. 1 zu werden. arte-TV Tweet \u00a0&#8222;Im Mittelpunkt stehen die &#8222;Resistance Fighters&#8220;: \u00c4rzte, die verzweifelt dagegen ank\u00e4mpfen, Wissenschaftler, die aufbegehren, Patienten, die mit dem Tod ringen und Diplomaten, die sich f\u00fcr konkrete L\u00f6sungen einsetzen.&#8220; &nbsp; Experten prognostizieren, [&hellip;]","og_url":"https:\/\/healthact.de\/?p=25","og_site_name":"healthact","article_publisher":"https:\/\/www.facebook.com\/groups\/420860346496799","article_published_time":"2019-10-29T09:33:18+00:00","article_modified_time":"2021-02-16T17:13:02+00:00","og_image":[{"width":1024,"height":438,"url":"https:\/\/healthact.de\/wp-content\/uploads\/2019\/10\/Bildschirmfoto-2020-06-25-um-13.07.18-1024x438.png","type":"image\/png"}],"author":"Mundi","twitter_card":"summary_large_image","twitter_misc":{"Verfasst von":"Mundi","Gesch\u00e4tzte Lesezeit":"4\u00a0Minuten"},"schema":{"@context":"https:\/\/schema.org","@graph":[{"@type":"Organization","@id":"https:\/\/healthact.de\/#organization","name":"healthact.de","url":"https:\/\/healthact.de\/","sameAs":["https:\/\/www.facebook.com\/groups\/420860346496799"],"logo":{"@type":"ImageObject","inLanguage":"de","@id":"https:\/\/healthact.de\/#\/schema\/logo\/image\/","url":"https:\/\/healthact.de\/wp-content\/uploads\/2020\/10\/healthact4c.png","contentUrl":"https:\/\/healthact.de\/wp-content\/uploads\/2020\/10\/healthact4c.png","width":1554,"height":638,"caption":"healthact.de"},"image":{"@id":"https:\/\/healthact.de\/#\/schema\/logo\/image\/"}},{"@type":"WebSite","@id":"https:\/\/healthact.de\/#website","url":"https:\/\/healthact.de\/","name":"healthact","description":"f\u00fcr ein unabh\u00e4ngiges Gesundheitswesen","publisher":{"@id":"https:\/\/healthact.de\/#organization"},"potentialAction":[{"@type":"SearchAction","target":{"@type":"EntryPoint","urlTemplate":"https:\/\/healthact.de\/?s={search_term_string}"},"query-input":"required name=search_term_string"}],"inLanguage":"de"},{"@type":"WebPage","@id":"https:\/\/healthact.de\/?p=25","url":"https:\/\/healthact.de\/?p=25","name":"Antibiotika-Resistenzen - eine wahrhaft gr\u00f6\u00dfere Bedrohung als Covid-19 - healthact","isPartOf":{"@id":"https:\/\/healthact.de\/#website"},"datePublished":"2019-10-29T09:33:18+00:00","dateModified":"2021-02-16T17:13:02+00:00","breadcrumb":{"@id":"https:\/\/healthact.de\/?p=25#breadcrumb"},"inLanguage":"de","potentialAction":[{"@type":"ReadAction","target":["https:\/\/healthact.de\/?p=25"]}]},{"@type":"BreadcrumbList","@id":"https:\/\/healthact.de\/?p=25#breadcrumb","itemListElement":[{"@type":"ListItem","position":1,"name":"Startseite","item":"https:\/\/healthact.de\/"},{"@type":"ListItem","position":2,"name":"Antibiotika-Resistenzen &#8211; eine wahrhaft gr\u00f6\u00dfere Bedrohung als Covid-19"}]},{"@type":"Article","@id":"https:\/\/healthact.de\/?p=25#article","isPartOf":{"@id":"https:\/\/healthact.de\/?p=25"},"author":{"name":"Mundi","@id":"https:\/\/healthact.de\/#\/schema\/person\/1f96403af392978a5fdbc47edb626675"},"headline":"Antibiotika-Resistenzen &#8211; eine wahrhaft gr\u00f6\u00dfere Bedrohung als Covid-19","datePublished":"2019-10-29T09:33:18+00:00","dateModified":"2021-02-16T17:13:02+00:00","mainEntityOfPage":{"@id":"https:\/\/healthact.de\/?p=25"},"wordCount":811,"commentCount":0,"publisher":{"@id":"https:\/\/healthact.de\/#organization"},"keywords":["Design","Popular","Ux"],"articleSection":["Gesundheit","Wissenschaft"],"inLanguage":"de","potentialAction":[{"@type":"CommentAction","name":"Comment","target":["https:\/\/healthact.de\/?p=25#respond"]}]},{"@type":"Person","@id":"https:\/\/healthact.de\/#\/schema\/person\/1f96403af392978a5fdbc47edb626675","name":"Mundi","image":{"@type":"ImageObject","inLanguage":"de","@id":"https:\/\/healthact.de\/#\/schema\/person\/image\/","url":"https:\/\/secure.gravatar.com\/avatar\/b5e419aacdb5cc47e80262600a7f5853?s=96&d=mm&r=g","contentUrl":"https:\/\/secure.gravatar.com\/avatar\/b5e419aacdb5cc47e80262600a7f5853?s=96&d=mm&r=g","caption":"Mundi"},"url":"https:\/\/healthact.de\/?author=1"}]}},"_links":{"self":[{"href":"https:\/\/healthact.de\/index.php?rest_route=\/wp\/v2\/posts\/25"}],"collection":[{"href":"https:\/\/healthact.de\/index.php?rest_route=\/wp\/v2\/posts"}],"about":[{"href":"https:\/\/healthact.de\/index.php?rest_route=\/wp\/v2\/types\/post"}],"author":[{"embeddable":true,"href":"https:\/\/healthact.de\/index.php?rest_route=\/wp\/v2\/users\/1"}],"replies":[{"embeddable":true,"href":"https:\/\/healthact.de\/index.php?rest_route=%2Fwp%2Fv2%2Fcomments&post=25"}],"version-history":[{"count":8,"href":"https:\/\/healthact.de\/index.php?rest_route=\/wp\/v2\/posts\/25\/revisions"}],"predecessor-version":[{"id":2079,"href":"https:\/\/healthact.de\/index.php?rest_route=\/wp\/v2\/posts\/25\/revisions\/2079"}],"wp:featuredmedia":[{"embeddable":true,"href":"https:\/\/healthact.de\/index.php?rest_route=\/wp\/v2\/media\/2072"}],"wp:attachment":[{"href":"https:\/\/healthact.de\/index.php?rest_route=%2Fwp%2Fv2%2Fmedia&parent=25"}],"wp:term":[{"taxonomy":"category","embeddable":true,"href":"https:\/\/healthact.de\/index.php?rest_route=%2Fwp%2Fv2%2Fcategories&post=25"},{"taxonomy":"post_tag","embeddable":true,"href":"https:\/\/healthact.de\/index.php?rest_route=%2Fwp%2Fv2%2Ftags&post=25"}],"curies":[{"name":"wp","href":"https:\/\/api.w.org\/{rel}","templated":true}]}}